{"id":50885,"date":"2017-04-27T18:24:33","date_gmt":"2017-04-27T18:24:33","guid":{"rendered":"http:\/\/www.anervi.com\/?p=50885"},"modified":"2017-04-27T18:53:52","modified_gmt":"2017-04-27T18:53:52","slug":"la-comision-europea-publica-la-resolucion-sancionadora-contra-seis-marcas-de-camiones","status":"publish","type":"post","link":"https:\/\/www.anervi.com\/index.php\/la-comision-europea-publica-la-resolucion-sancionadora-contra-seis-marcas-de-camiones\/","title":{"rendered":"LA COMISI\u00d3N EUROPEA PUBLICA LA RESOLUCI\u00d3N SANCIONADORA CONTRA SEIS MARCAS DE CAMIONES"},"content":{"rendered":"<blockquote class='blockquote_shortcode  without_quote_icon' style=''><h3 class='blockquote_text' ><span>todotransporte.com \/\/ 12.04.2017<\/span><\/h3><\/blockquote>\n<p>&nbsp;<\/p>\n<blockquote class='blockquote_shortcode  without_quote_icon' style=''><h4 class='blockquote_text' ><span>El Diario Oficial de la Uni\u00f3n Europea ya ha publicado \u00edntegramente la decisi\u00f3n de la Comisi\u00f3n Europea, relativa al procedimiento sancionador impuesto el pasado mes de julio contra los fabricantes de camiones DAF, Mercedes-Benz, Iveco, MAN, Renault Trucks y Volvo por fijaci\u00f3n en los precios de venta de dichos veh\u00edculos as\u00ed como por retrasar la introducci\u00f3n en el mercado de nuevas tecnolog\u00edas para reducir las emisiones de sus veh\u00edculos, lo que conllev\u00f3 una multa r\u00e9cord por un importe total cercano a los 3.000 millones de euros, tal y como informa Fenadismer .<\/span><\/h4><\/blockquote>\n<p>Tras la citada publicaci\u00f3n queda ya abierto el plazo, detallan desde la organizaci\u00f3n de transportistas que preside Julio Villaescusa, \u201cpara que los transportistas afectados puedan interponer las correspondientes reclamaciones contra dichos fabricantes por los perjuicios ocasionados\u201d.<\/p>\n<p>De hecho, a fin de facilitar la interposici\u00f3n de las correspondientes reclamaciones, se constituy\u00f3 la Plataforma de Afectados por el C\u00e1rtel de camiones a la cual puede adherirse cualquier empresario aut\u00f3nomo o sociedad que hubiera adquirido entre los a\u00f1os 1997 y 2011 alg\u00fan veh\u00edculo nuevo de transporte de mercanc\u00edas de masa m\u00e1xima superior a seis toneladas de cualesquiera de las marcas antes citadas, siendo indiferente que el veh\u00edculo en la actualidad se encuentre en activo o dado de baja.<\/p>\n","protected":false},"excerpt":{"rendered":"<p>El Diario Oficial de la Uni\u00f3n Europea ya ha publicado \u00edntegramente la decisi\u00f3n de la Comisi\u00f3n Europea, relativa al procedimiento sancionador impuesto el pasado mes de julio contra los fabricantes de camiones DAF, Mercedes-Benz, Iveco, MAN, Renault Trucks y Volvo por fijaci\u00f3n en los precios de venta de dichos veh\u00edculos as\u00ed como por retrasar la introducci\u00f3n en el mercado de nuevas tecnolog\u00edas para reducir las emisiones de sus veh\u00edculos, lo que conllev\u00f3 una multa r\u00e9cord por un importe total cercano a los 3.000 millones de euros, tal y como informa Fenadismer .<\/p>\n","protected":false},"author":3,"featured_media":50854,"comment_status":"open","ping_status":"open","sticky":false,"template":"","format":"standard","meta":[],"categories":[1],"tags":[],"_links":{"self":[{"href":"https:\/\/www.anervi.com\/index.php\/wp-json\/wp\/v2\/posts\/50885"}],"collection":[{"href":"https:\/\/www.anervi.com\/index.php\/wp-json\/wp\/v2\/posts"}],"about":[{"href":"https:\/\/www.anervi.com\/index.php\/wp-json\/wp\/v2\/types\/post"}],"author":[{"embeddable":true,"href":"https:\/\/www.anervi.com\/index.php\/wp-json\/wp\/v2\/users\/3"}],"replies":[{"embeddable":true,"href":"https:\/\/www.anervi.com\/index.php\/wp-json\/wp\/v2\/comments?post=50885"}],"version-history":[{"count":4,"href":"https:\/\/www.anervi.com\/index.php\/wp-json\/wp\/v2\/posts\/50885\/revisions"}],"predecessor-version":[{"id":50909,"href":"https:\/\/www.anervi.com\/index.php\/wp-json\/wp\/v2\/posts\/50885\/revisions\/50909"}],"wp:featuredmedia":[{"embeddable":true,"href":"https:\/\/www.anervi.com\/index.php\/wp-json\/wp\/v2\/media\/50854"}],"wp:attachment":[{"href":"https:\/\/www.anervi.com\/index.php\/wp-json\/wp\/v2\/media?parent=50885"}],"wp:term":[{"taxonomy":"category","embeddable":true,"href":"https:\/\/www.anervi.com\/index.php\/wp-json\/wp\/v2\/categories?post=50885"},{"taxonomy":"post_tag","embeddable":true,"href":"https:\/\/www.anervi.com\/index.php\/wp-json\/wp\/v2\/tags?post=50885"}],"curies":[{"name":"wp","href":"https:\/\/api.w.org\/{rel}","templated":true}]}}