{"id":51191,"date":"2019-08-07T12:50:24","date_gmt":"2019-08-07T12:50:24","guid":{"rendered":"https:\/\/www.anervi.com\/?p=51191"},"modified":"2019-10-07T12:54:59","modified_gmt":"2019-10-07T12:54:59","slug":"nissan-produjo-mas-de-500-000-vehiculos-en-60-anos-y-preve-80-000-piezas-mes","status":"publish","type":"post","link":"https:\/\/www.anervi.com\/index.php\/nissan-produjo-mas-de-500-000-vehiculos-en-60-anos-y-preve-80-000-piezas-mes\/","title":{"rendered":"Nissan produjo m\u00e1s de 500.000 veh\u00edculos en 60 a\u00f1os y prev\u00e9 80.000 piezas mes"},"content":{"rendered":"<blockquote class='blockquote_shortcode  without_quote_icon' style=''><h3 class='blockquote_text' ><span>lavanguardia.com \/\/ 07.08.2019<\/span><\/h3><\/blockquote>\n<p>&nbsp;<\/p>\n<blockquote class='blockquote_shortcode  without_quote_icon' style=''><h4 class='blockquote_text' ><span> Con la salida del \u00faltimo cami\u00f3n de la cadena de producci\u00f3n en la factor\u00eda que Nissan tiene en \u00c1vila, la multinacional japonesa cerrar\u00e1 una etapa de seis d\u00e9cadas en la capital abulense. <\/span><\/h4><\/blockquote>\n<p>Un modelo NT400 Cabstar ser\u00e1 el encargado de cerrar una etapa y de abrir la puerta a una nueva en la que esta f\u00e1brica se transformar\u00e1 a partir de septiembre en un centro de fabricaci\u00f3n y distribuci\u00f3n de piezas de recambio para la Alianza Renault-Nissan-Mitsubishi para Europa.<\/p>\n<p>Seg\u00fan ha informado este mi\u00e9rcoles en nota de prensa la compa\u00f1\u00eda, cuando en 2024 las nuevas instalaciones alcancen su plena capacidad, adem\u00e1s de garantizar todo el nivel de empleo actual -450 empleados-, contar\u00e1n con un volumen de producci\u00f3n de 80.000 piezas de recambios al mes para los modelos de las marcas de la Alianza en Europa.<\/p>\n<p>Tras pasar por diferentes etapas desde que en 1959 se inaugur\u00f3 la planta del entonces FADISA (Fabricaci\u00f3n de Autom\u00f3viles Diesel, S.A), en mayo de 2018 se present\u00f3 un plan de transformaci\u00f3n en el que hoy est\u00e1 inmersa esta factor\u00eda de 220.000 metros cuadrados.<\/p>\n<p>En este proceso de reconversi\u00f3n, tanto Nissan como la Junta de Castilla y Le\u00f3n tienen previsto invertir cerca de 100 millones de euros que incluyen la construcci\u00f3n de una nueva nave de estampaci\u00f3n de 23.000 metros cuadrados junto a la actual planta y una nueva nave log\u00edstica de 70.000 metros cuadrados en el Pol\u00edgono Industrial de Vicolozano, a las afueras de la capital.<\/p>\n<p>Actualmente, Nissan cuenta en \u00c1vila con una plantilla de 450 empleados, que continuar\u00e1n trabajando en septiembre en proyectos actualmente en marcha en la planta y que estaban previstos para 2020, seg\u00fan ha explicado la multinacional.<\/p>\n<p>En este sentido, se ha referido a trabajos de pintura, sellado y embalaje de piezas de varios modelos de la Alianza, as\u00ed como a la soldadura de puertas o la fabricaci\u00f3n del port\u00f3n trasero de varios modelos de Renault.<\/p>\n<p>Este proyecto lleva aparejada por parte de Nissan una inversi\u00f3n de 40 millones de euros, de los cuales hasta el momento se han desembolsado m\u00e1s de 11 que unidos a los 20 comprometidos para este a\u00f1o, har\u00e1 que a finales de 2019 se llegue a un acumulado de 31 millones de euros, es decir, cerca del 80 por ciento del total.<\/p>\n<p>El director de Operaciones de Nissan en \u00c1vila, Javier Novo, ha sostenido que \u00ablas diferentes tareas realizadas hasta ahora, as\u00ed como los trabajos que se desarrollar\u00e1n durante los pr\u00f3ximos meses, demuestran la solidez del proyecto para la transformaci\u00f3n de la f\u00e1brica\u00bb.<\/p>\n","protected":false},"excerpt":{"rendered":"<p>Con la salida del \u00faltimo cami\u00f3n de la cadena de producci\u00f3n en la factor\u00eda que Nissan tiene en \u00c1vila, la multinacional japonesa cerrar\u00e1 una etapa de seis d\u00e9cadas en la capital abulense.<\/p>\n","protected":false},"author":3,"featured_media":51200,"comment_status":"open","ping_status":"open","sticky":false,"template":"","format":"standard","meta":[],"categories":[108],"tags":[],"_links":{"self":[{"href":"https:\/\/www.anervi.com\/index.php\/wp-json\/wp\/v2\/posts\/51191"}],"collection":[{"href":"https:\/\/www.anervi.com\/index.php\/wp-json\/wp\/v2\/posts"}],"about":[{"href":"https:\/\/www.anervi.com\/index.php\/wp-json\/wp\/v2\/types\/post"}],"author":[{"embeddable":true,"href":"https:\/\/www.anervi.com\/index.php\/wp-json\/wp\/v2\/users\/3"}],"replies":[{"embeddable":true,"href":"https:\/\/www.anervi.com\/index.php\/wp-json\/wp\/v2\/comments?post=51191"}],"version-history":[{"count":2,"href":"https:\/\/www.anervi.com\/index.php\/wp-json\/wp\/v2\/posts\/51191\/revisions"}],"predecessor-version":[{"id":51201,"href":"https:\/\/www.anervi.com\/index.php\/wp-json\/wp\/v2\/posts\/51191\/revisions\/51201"}],"wp:featuredmedia":[{"embeddable":true,"href":"https:\/\/www.anervi.com\/index.php\/wp-json\/wp\/v2\/media\/51200"}],"wp:attachment":[{"href":"https:\/\/www.anervi.com\/index.php\/wp-json\/wp\/v2\/media?parent=51191"}],"wp:term":[{"taxonomy":"category","embeddable":true,"href":"https:\/\/www.anervi.com\/index.php\/wp-json\/wp\/v2\/categories?post=51191"},{"taxonomy":"post_tag","embeddable":true,"href":"https:\/\/www.anervi.com\/index.php\/wp-json\/wp\/v2\/tags?post=51191"}],"curies":[{"name":"wp","href":"https:\/\/api.w.org\/{rel}","templated":true}]}}