{"id":51197,"date":"2019-09-17T12:48:14","date_gmt":"2019-09-17T12:48:14","guid":{"rendered":"https:\/\/www.anervi.com\/?p=51197"},"modified":"2019-10-07T12:49:44","modified_gmt":"2019-10-07T12:49:44","slug":"los-vehiculos-industriales-deberan-anadir-nuevas-medidas-de-seguridad","status":"publish","type":"post","link":"https:\/\/www.anervi.com\/index.php\/los-vehiculos-industriales-deberan-anadir-nuevas-medidas-de-seguridad\/","title":{"rendered":"Los veh\u00edculos industriales deber\u00e1n a\u00f1adir nuevas medidas de seguridad"},"content":{"rendered":"<blockquote class='blockquote_shortcode  without_quote_icon' style=''><h3 class='blockquote_text' ><span>infotaller.tv \/\/ 12.09.2019<\/span><\/h3><\/blockquote>\n<p>&nbsp;<\/p>\n<blockquote class='blockquote_shortcode  without_quote_icon' style=''><h4 class='blockquote_text' ><span> El Parlamento Europeo ha aprobado recientemente un nuevo Reglamento General de Seguridad con el objetivo de reducir el n\u00famero de accidentes en carretera.<\/span><\/h4><\/blockquote>\n<p>Seg\u00fan la DGT, en 2017 fallecieron 25.300 personas en la UE por este motivo y hubo 135.000 heridos graves. Aunque a\u00f1o tras a\u00f1o las cifras van bajando gracias a las medidas implementadas. As\u00ed, en Espa\u00f1a, se han contabilizado 489 fallecidos en el primer trimestre del a\u00f1o, uno de los datos m\u00e1s bajos desde que se analiza esta variable, seg\u00fan publica en un post Top Truck.<\/p>\n<p>Para seguir con esta tendencia a la baja, Europa quiere conseguir una conducci\u00f3n m\u00e1s segura (asistentes de velocidad, freno de emergencia, advertencia de distracciones, etc.), aunque a\u00fan hay pendiente \u201cun marco legal y unos requerimientos t\u00e9cnicos que garanticen la seguridad y protecci\u00f3n frente a las funciones de conducci\u00f3n altamente aut\u00f3noma\u201d, seg\u00fan Juan Portillo, director t\u00e9cnico de ITV de T\u00dcV S\u00dcD Espa\u00f1a.<\/p>\n<p>En cuanto a los veh\u00edculos industriales, el reglamento de 2014 ya contemplaba el aviso de olvido del cintur\u00f3n de seguridad y la instalaci\u00f3n de registro de datos de eventos (caja negra) para analizar por qu\u00e9 se producen los accidentes de tr\u00e1fico en los camiones.<\/p>\n<p>Portillo a\u00f1ade que todos los nuevos sistemas de seguridad se ir\u00e1n incorporando, seg\u00fan el veh\u00edculo del que se trate, hasta 2022 y \u201cdeber\u00e1n ser verificados en inspecciones t\u00e9cnicas peri\u00f3dicas que a\u00fan est\u00e1n por determinar\u00bb.<\/p>\n<p>Asimismo, a\u00f1ade que \u00abes necesario que todo medio de transporte que comparta cualquier v\u00eda p\u00fablica con el resto de veh\u00edculos siga unas normas, tanto para su seguridad como para el resto\u00bb.<\/p>\n","protected":false},"excerpt":{"rendered":"<p>El Parlamento Europeo ha aprobado recientemente un nuevo Reglamento General de Seguridad con el objetivo de reducir el n\u00famero de accidentes en carretera.<\/p>\n","protected":false},"author":3,"featured_media":51198,"comment_status":"open","ping_status":"open","sticky":false,"template":"","format":"standard","meta":[],"categories":[108],"tags":[],"_links":{"self":[{"href":"https:\/\/www.anervi.com\/index.php\/wp-json\/wp\/v2\/posts\/51197"}],"collection":[{"href":"https:\/\/www.anervi.com\/index.php\/wp-json\/wp\/v2\/posts"}],"about":[{"href":"https:\/\/www.anervi.com\/index.php\/wp-json\/wp\/v2\/types\/post"}],"author":[{"embeddable":true,"href":"https:\/\/www.anervi.com\/index.php\/wp-json\/wp\/v2\/users\/3"}],"replies":[{"embeddable":true,"href":"https:\/\/www.anervi.com\/index.php\/wp-json\/wp\/v2\/comments?post=51197"}],"version-history":[{"count":1,"href":"https:\/\/www.anervi.com\/index.php\/wp-json\/wp\/v2\/posts\/51197\/revisions"}],"predecessor-version":[{"id":51199,"href":"https:\/\/www.anervi.com\/index.php\/wp-json\/wp\/v2\/posts\/51197\/revisions\/51199"}],"wp:featuredmedia":[{"embeddable":true,"href":"https:\/\/www.anervi.com\/index.php\/wp-json\/wp\/v2\/media\/51198"}],"wp:attachment":[{"href":"https:\/\/www.anervi.com\/index.php\/wp-json\/wp\/v2\/media?parent=51197"}],"wp:term":[{"taxonomy":"category","embeddable":true,"href":"https:\/\/www.anervi.com\/index.php\/wp-json\/wp\/v2\/categories?post=51197"},{"taxonomy":"post_tag","embeddable":true,"href":"https:\/\/www.anervi.com\/index.php\/wp-json\/wp\/v2\/tags?post=51197"}],"curies":[{"name":"wp","href":"https:\/\/api.w.org\/{rel}","templated":true}]}}