{"id":51204,"date":"2019-11-11T07:26:20","date_gmt":"2019-11-11T07:26:20","guid":{"rendered":"http:\/\/www.anervi.com\/?p=51204"},"modified":"2020-01-27T07:53:18","modified_gmt":"2020-01-27T07:53:18","slug":"el-gas-natural-la-solucion-viable-de-iveco-en-vehiculos-industriales","status":"publish","type":"post","link":"https:\/\/www.anervi.com\/index.php\/el-gas-natural-la-solucion-viable-de-iveco-en-vehiculos-industriales\/","title":{"rendered":"El gas natural, la soluci\u00f3n viable de Iveco en veh\u00edculos industriales"},"content":{"rendered":"<blockquote class='blockquote_shortcode  without_quote_icon' style=''><h3 class='blockquote_text' ><span>nexotrans.com \/\/ 11.11.2019<\/span><\/h3><\/blockquote>\n<p>&nbsp;<\/p>\n<blockquote class='blockquote_shortcode  without_quote_icon' style=''><h4 class='blockquote_text' ><span> Pionero en el desarrollo del gas natural desde hace m\u00e1s de 20 a\u00f1os, Iveco ha sido uno de los principales protagonistas del foro \u2018Futuro y viabilidad de los veh\u00edculos impulsados por Gas Natural\u2019, para fomentar el conocimiento sobre el gas natural y sus diversas aplicaciones.<\/span><\/h4><\/blockquote>\n<p>Los m\u00e1s de 100 asistentes al congreso, tuvieron la oportunidad de analizar las ventajas y prestaciones que este combustible alternativo ofrece. Durante la jornada que tuvo lugar en el auditorio de KPMG, ubicado en la Torre de Cristal en Madrid, Jos\u00e9 Mar\u00eda Chamizo, Director de Energ\u00edas Alternativas de Iveco Espa\u00f1a, fue uno de los principales actores de mesa redonda &#8216;Visi\u00f3n de la Industria&#8217;, quien particip\u00f3 junto a Eugenia Sillero, Secretaria General de Gasnam, Antonio Calvo, Responsable de Movilida Sostenible de Seat y Miguel Mayrata, Director de Diversificaci\u00f3n de Negocio de Redexis.<\/p>\n<p>Durante la mesa redonda, Chamizo ha destacado las cuatro preguntas clave que se hace un cliente a la hora de plantearse la adquisici\u00f3n de un veh\u00edculo propulsado por energ\u00edas alternativas, \u201cla primera cuesti\u00f3n que se plantean es la existencia de una red de repostaje suficiente, seguido de que el veh\u00edculo que me permita hacer mi trabajo igual que uno de di\u00e9sel, que tambi\u00e9n sea competitivo y que proporcione una rentabilidad econ\u00f3micamente ventajosa, y en el \u00faltimo lugar, hacia d\u00f3nde va la normativa, claramente influenciada por la sostenibilidad. Y el \u00fanico combustible alternativo que lo cumple, para el transporte de mercanc\u00edas, es el gas natural. Iveco ha trabajado desde hace a\u00f1os para tener un producto que s\u00ed responde a sus necesidades. <\/p>\n<p>\u201cChamizo apuntaba que \u201cahora nuestros clientes pueden hacer la ruta Pa\u00eds Vasco-Alemania sin ning\u00fan problema.\u201d \u201cEs una alternativa de hoy, una tecnolog\u00eda madura, y prueba de ello es que ya hay m\u00e1s de 35.000 veh\u00edculos Iveco de gas natural circulando\u201d. En cuanto al GNL, Jose Mar\u00eda destacaba la necesidad de m\u00e1s normativas \u201cporque es el mismo gas, seguro y accesible, el mismo que se utiliza en el hogar y que adem\u00e1s se puede almacenar el tiempo que queramos, no se tiene que consumir al momento\u201d conclu\u00eda.<\/p>\n<p>La jornada, destinada a analizar el futuro y la viabilidad de los veh\u00edculos impulsados por este combustible sostenible, tambi\u00e9n cont\u00f3 con representantes de las diferentes comunidades aut\u00f3nomas como el Director general de Industria, Energ\u00eda y Minas de la Comunidad de Madrid, David Valle Rodr\u00edguez, Empar Mart\u00ednez, su hom\u00f3loga en la Comunidad Valenciana, y Belarmina D\u00edaz Aguado, Directora general de Miner\u00eda y Energ\u00eda del Gobierno de Asturias, quienes conclu\u00edan que los veh\u00edculos de gas natural son medioambientalmente mucho m\u00e1s sostenibles que los di\u00e9sel y que el gas natural es la clave del futuro, pero sobre todo del presente, destacando esta caracter\u00edstica como la principal diferencia con otras energ\u00edas, como la electrificaci\u00f3n, que no est\u00e1n suficientemente desarrolladas en la actualidad.<\/p>\n<p>Asimismo, Ra\u00fal Blanco, Secretario General de Industria y de la Peque\u00f1a y Mediana Empresa destac\u00f3 durante la clausura del evento \u201cdos retos principales, transici\u00f3n ecol\u00f3gica, en sus m\u00faltiples vertientes y digitalizaci\u00f3n, y ah\u00ed entra desde procesos de producci\u00f3n a producto. En Espa\u00f1a, 94.000 veh\u00edculos matriculados en el mes de octubre, un incremento del 6% del mismo mes respecto al a\u00f1o anterior, y de ellos, 14.600 fueron el\u00e9ctricos, h\u00edbridos y gas natural. En lo que va del a\u00f1o, un mill\u00f3n de veh\u00edculos matriculados, y 123.000 corresponder\u00eda a estas energ\u00edas alternativas, lo que supone un 38% de incremento respecto al a\u00f1o anterior en este tipo de veh\u00edculos\u201d.<\/p>\n<p>[\u2026]<\/p>\n","protected":false},"excerpt":{"rendered":"<p>Pionero en el desarrollo del gas natural desde hace m\u00e1s de 20 a\u00f1os, Iveco ha sido uno de los principales protagonistas del foro \u2018Futuro y viabilidad de los veh\u00edculos impulsados por Gas Natural\u2019, para fomentar el conocimiento sobre el gas natural y sus diversas aplicaciones<\/p>\n","protected":false},"author":3,"featured_media":51205,"comment_status":"open","ping_status":"open","sticky":false,"template":"","format":"standard","meta":[],"categories":[108],"tags":[],"_links":{"self":[{"href":"https:\/\/www.anervi.com\/index.php\/wp-json\/wp\/v2\/posts\/51204"}],"collection":[{"href":"https:\/\/www.anervi.com\/index.php\/wp-json\/wp\/v2\/posts"}],"about":[{"href":"https:\/\/www.anervi.com\/index.php\/wp-json\/wp\/v2\/types\/post"}],"author":[{"embeddable":true,"href":"https:\/\/www.anervi.com\/index.php\/wp-json\/wp\/v2\/users\/3"}],"replies":[{"embeddable":true,"href":"https:\/\/www.anervi.com\/index.php\/wp-json\/wp\/v2\/comments?post=51204"}],"version-history":[{"count":4,"href":"https:\/\/www.anervi.com\/index.php\/wp-json\/wp\/v2\/posts\/51204\/revisions"}],"predecessor-version":[{"id":51221,"href":"https:\/\/www.anervi.com\/index.php\/wp-json\/wp\/v2\/posts\/51204\/revisions\/51221"}],"wp:featuredmedia":[{"embeddable":true,"href":"https:\/\/www.anervi.com\/index.php\/wp-json\/wp\/v2\/media\/51205"}],"wp:attachment":[{"href":"https:\/\/www.anervi.com\/index.php\/wp-json\/wp\/v2\/media?parent=51204"}],"wp:term":[{"taxonomy":"category","embeddable":true,"href":"https:\/\/www.anervi.com\/index.php\/wp-json\/wp\/v2\/categories?post=51204"},{"taxonomy":"post_tag","embeddable":true,"href":"https:\/\/www.anervi.com\/index.php\/wp-json\/wp\/v2\/tags?post=51204"}],"curies":[{"name":"wp","href":"https:\/\/api.w.org\/{rel}","templated":true}]}}