{"id":51217,"date":"2019-12-10T07:49:44","date_gmt":"2019-12-10T07:49:44","guid":{"rendered":"http:\/\/www.anervi.com\/?p=51217"},"modified":"2020-01-27T07:50:01","modified_gmt":"2020-01-27T07:50:01","slug":"urge-acelerar-la-renovacion-de-la-maquinaria-agricola-en-espana","status":"publish","type":"post","link":"https:\/\/www.anervi.com\/index.php\/urge-acelerar-la-renovacion-de-la-maquinaria-agricola-en-espana\/","title":{"rendered":"Urge acelerar la renovaci\u00f3n de la maquinaria agr\u00edcola en Espa\u00f1a"},"content":{"rendered":"<blockquote class='blockquote_shortcode  without_quote_icon' style=''><h3 class='blockquote_text' ><span>motorok.com \/\/ 10.12.2019<\/span><\/h3><\/blockquote>\n<p>&nbsp;<\/p>\n<blockquote class='blockquote_shortcode  without_quote_icon' style=''><h4 class='blockquote_text' ><span> La patronal de los concesionarios Faconauto ha advertido en las \u00faltimas semanas que la manera m\u00e1s eficaz para frenar la alta siniestralidad que sufre la maquinaria agr\u00edcola en Espa\u00f1a pasa por intensificar y acelerar su renovaci\u00f3n.<\/span><\/h4><\/blockquote>\n<p>La entidad considera que el problema m\u00e1s urgente al que se enfrenta el sector es el envejecimiento del parque. Y es que cerca del 60% de la maquinaria que se utiliza en la agricultura espa\u00f1ola tiene una antig\u00fcedad superior a los 18 a\u00f1os, el doble que la media europea. Esta maquinaria envejecida es uno de los factores clave que explican los accidentes graves y mortales en el campo espa\u00f1ol. All\u00ed se producen cada a\u00f1o entre 70 y 100 fallecidos por esta causa.<\/p>\n<p>En este sentido, Faconauto ha propuesto que los planes de renovaci\u00f3n de la maquinaria agr\u00edcola que se vienen sucediendo se conviertan en estructurales. Todo ello, partiendo de un Plan Nacional de Renovaci\u00f3n que se alargue hasta 2025 y que est\u00e9 dotado de unos 50 millones de euros, cifra que permitir\u00eda achatarrar unos 3.500 tractores.<\/p>\n<p>Para que este plan tenga m\u00e1xima eficacia, la patronal considera que los concesionarios de maquinaria agr\u00edcola tienen que participar en su dise\u00f1o y puesta en marcha, de mano del Gobierno y las administraciones p\u00fablicas.<\/p>\n<p><strong>Faconauto pide cambios en el REBU<\/strong><\/p>\n<p>Faconauto ha recordado que la dinamizaci\u00f3n del mercado de segunda mano ser\u00eda clave para potenciar la necesaria renovaci\u00f3n del parque. Sin embargo, los concesionarios del sector encuentran una barrera para su comercializaci\u00f3n: el REBU.<\/p>\n<p>La maquinaria agr\u00edcola no est\u00e1 incluida actualmente en el R\u00e9gimen Especial de Bienes Usados (REBU), por lo que deben pagar un IVA superior al que pagan otros actores, como los importadores. Por ello, la patronal propondr\u00e1 al nuevo Gobierno que se incluya la maquinaria agr\u00edcola usada en el REBU. Esto ayudar\u00eda a que muchos agricultores sustituyan su viejo tractor por otro con mejores medidas de seguridad.<\/p>\n","protected":false},"excerpt":{"rendered":"<p>La patronal de los concesionarios Faconauto ha advertido en las \u00faltimas semanas que la manera m\u00e1s eficaz para frenar la alta siniestralidad que sufre la maquinaria agr\u00edcola en Espa\u00f1a pasa por intensificar y acelerar su renovaci\u00f3n.<\/p>\n","protected":false},"author":3,"featured_media":51218,"comment_status":"open","ping_status":"open","sticky":false,"template":"","format":"standard","meta":[],"categories":[108],"tags":[],"_links":{"self":[{"href":"https:\/\/www.anervi.com\/index.php\/wp-json\/wp\/v2\/posts\/51217"}],"collection":[{"href":"https:\/\/www.anervi.com\/index.php\/wp-json\/wp\/v2\/posts"}],"about":[{"href":"https:\/\/www.anervi.com\/index.php\/wp-json\/wp\/v2\/types\/post"}],"author":[{"embeddable":true,"href":"https:\/\/www.anervi.com\/index.php\/wp-json\/wp\/v2\/users\/3"}],"replies":[{"embeddable":true,"href":"https:\/\/www.anervi.com\/index.php\/wp-json\/wp\/v2\/comments?post=51217"}],"version-history":[{"count":1,"href":"https:\/\/www.anervi.com\/index.php\/wp-json\/wp\/v2\/posts\/51217\/revisions"}],"predecessor-version":[{"id":51219,"href":"https:\/\/www.anervi.com\/index.php\/wp-json\/wp\/v2\/posts\/51217\/revisions\/51219"}],"wp:featuredmedia":[{"embeddable":true,"href":"https:\/\/www.anervi.com\/index.php\/wp-json\/wp\/v2\/media\/51218"}],"wp:attachment":[{"href":"https:\/\/www.anervi.com\/index.php\/wp-json\/wp\/v2\/media?parent=51217"}],"wp:term":[{"taxonomy":"category","embeddable":true,"href":"https:\/\/www.anervi.com\/index.php\/wp-json\/wp\/v2\/categories?post=51217"},{"taxonomy":"post_tag","embeddable":true,"href":"https:\/\/www.anervi.com\/index.php\/wp-json\/wp\/v2\/tags?post=51217"}],"curies":[{"name":"wp","href":"https:\/\/api.w.org\/{rel}","templated":true}]}}