{"id":51236,"date":"2020-02-25T11:25:57","date_gmt":"2020-02-25T11:25:57","guid":{"rendered":"http:\/\/www.anervi.com\/?p=51236"},"modified":"2020-07-23T11:27:06","modified_gmt":"2020-07-23T11:27:06","slug":"la-produccion-de-vehiculos-comerciales-e-industriales-en-espana-inicia-el-ano-en-negativo","status":"publish","type":"post","link":"https:\/\/www.anervi.com\/index.php\/la-produccion-de-vehiculos-comerciales-e-industriales-en-espana-inicia-el-ano-en-negativo\/","title":{"rendered":"LA PRODUCCI\u00d3N DE VEH\u00cdCULOS COMERCIALES E INDUSTRIALES EN ESPA\u00d1A INICIA EL A\u00d1O EN NEGATIVO"},"content":{"rendered":"<blockquote class='blockquote_shortcode  without_quote_icon' style=''><h3 class='blockquote_text' ><span>elmercantil.com \/\/ 25.02.2020<\/span><\/h3><\/blockquote>\n<p>&nbsp;<\/p>\n<blockquote class='blockquote_shortcode  without_quote_icon' style=''><h4 class='blockquote_text' ><span> La fabricaci\u00f3n de veh\u00edculos comerciales e industriales en Espa\u00f1a ha iniciado en negativo el a\u00f1o 2020. <\/span><\/h4><\/blockquote>\n<p>Seg\u00fan ha afirmado la Asociaci\u00f3n Nacional de Fabricantes de Autom\u00f3viles y Camiones (ANFAC), el mes de enero ha registrado un total de 52.752 unidades fabricadas, el 2,5% menos que en el primer mes de 2019. Las principales causas de este descenso, ha indicado la asociaci\u00f3n, son la producci\u00f3n de un veh\u00edculo menos en las f\u00e1bricas espa\u00f1olas y el mal comportamiento de los mercados europeos, que han registrado importantes ca\u00eddas. En este sentido, ha apuntado Anfac, las matriculaciones de veh\u00edculos de menos de 5,1 toneladas en Francia han ca\u00eddo el 9,3% y las entregas de veh\u00edculos pesados se han reducido el 12,3%. En Alemania, ha se\u00f1alado la patronal automovil\u00edstica, el descenso de las ventas de camiones ha llegado al 4,1% en enero.\u00a0La matriculaci\u00f3n de este tipo de veh\u00edculos tambi\u00e9n ha descendido en Espa\u00f1a en el mes de enero.<\/p>\n<p>Los veh\u00edculos comerciales ligeros han seguido tambi\u00e9n esta tendencia y su producci\u00f3n durante el mes de enero se ha reducido el 2,1%, hasta las 28.178 unidades. El descenso m\u00e1s importante, ha se\u00f1alado Anfac, se ha producido en los industriales ligeros, que han cerrado el primer mes del a\u00f1o con un total de 1.711 unidades, lo que ha supuesto el 45,8% menos que el mismo mes del a\u00f1o anterior. Por contra, los veh\u00edculos industriales pesados han disparado su fabricaci\u00f3n.<\/p>\n<p>Por lo que respecta a las exportaciones de veh\u00edculos comerciales e industriales, han ca\u00eddo el 8,6% en enero y han alcanzado las 36.402 unidades entregadas fuera de Espa\u00f1a. En este apartado, \u00fanicamente los veh\u00edculos industriales pesados y los tractocamiones han crecido en las unidades enviadas, con un incremento del 76,5% y del 206,5% respectivamente, seg\u00fan los datos facilitados por la asociaci\u00f3n. La situaci\u00f3n de retroceso que han sufrido los veh\u00edculos comerciales ligeros, con una disminuci\u00f3n del 4,3%, los furgones, que han retrocedido el 11,4% y, sobre todo, los industriales ligeros, con un fuerte descenso del 73,1% han marcado el resultado global negativo registrado en los veh\u00edculos comerciales e industriales, ha destacado Anfac.<\/p>\n","protected":false},"excerpt":{"rendered":"<p>La fabricaci\u00f3n de veh\u00edculos comerciales e industriales en Espa\u00f1a ha iniciado en negativo el a\u00f1o 2020. Seg\u00fan ha afirmado la Asociaci\u00f3n Nacional de Fabricantes de Autom\u00f3viles y Camiones (ANFAC), el mes de enero ha registrado un total de 52.752 unidades fabricadas, el 2,5% menos que en el primer mes de 2019. <\/p>\n","protected":false},"author":3,"featured_media":50977,"comment_status":"open","ping_status":"open","sticky":false,"template":"","format":"standard","meta":[],"categories":[108],"tags":[],"_links":{"self":[{"href":"https:\/\/www.anervi.com\/index.php\/wp-json\/wp\/v2\/posts\/51236"}],"collection":[{"href":"https:\/\/www.anervi.com\/index.php\/wp-json\/wp\/v2\/posts"}],"about":[{"href":"https:\/\/www.anervi.com\/index.php\/wp-json\/wp\/v2\/types\/post"}],"author":[{"embeddable":true,"href":"https:\/\/www.anervi.com\/index.php\/wp-json\/wp\/v2\/users\/3"}],"replies":[{"embeddable":true,"href":"https:\/\/www.anervi.com\/index.php\/wp-json\/wp\/v2\/comments?post=51236"}],"version-history":[{"count":2,"href":"https:\/\/www.anervi.com\/index.php\/wp-json\/wp\/v2\/posts\/51236\/revisions"}],"predecessor-version":[{"id":51238,"href":"https:\/\/www.anervi.com\/index.php\/wp-json\/wp\/v2\/posts\/51236\/revisions\/51238"}],"wp:featuredmedia":[{"embeddable":true,"href":"https:\/\/www.anervi.com\/index.php\/wp-json\/wp\/v2\/media\/50977"}],"wp:attachment":[{"href":"https:\/\/www.anervi.com\/index.php\/wp-json\/wp\/v2\/media?parent=51236"}],"wp:term":[{"taxonomy":"category","embeddable":true,"href":"https:\/\/www.anervi.com\/index.php\/wp-json\/wp\/v2\/categories?post=51236"},{"taxonomy":"post_tag","embeddable":true,"href":"https:\/\/www.anervi.com\/index.php\/wp-json\/wp\/v2\/tags?post=51236"}],"curies":[{"name":"wp","href":"https:\/\/api.w.org\/{rel}","templated":true}]}}