{"id":51249,"date":"2020-08-20T08:11:25","date_gmt":"2020-08-20T08:11:25","guid":{"rendered":"http:\/\/www.anervi.com\/?p=51249"},"modified":"2020-12-07T08:11:46","modified_gmt":"2020-12-07T08:11:46","slug":"los-rebrotes-de-la-covid-19-no-frenan-las-matriculaciones-de-autocaravanas","status":"publish","type":"post","link":"https:\/\/www.anervi.com\/index.php\/los-rebrotes-de-la-covid-19-no-frenan-las-matriculaciones-de-autocaravanas\/","title":{"rendered":"LOS REBROTES DE LA COVID-19 NO FRENAN LAS MATRICULACIONES DE AUTOCARAVANAS"},"content":{"rendered":"<blockquote class='blockquote_shortcode  without_quote_icon' style=''><h3 class='blockquote_text' ><span>autocaravanas.es \/\/ 20.08.2020<\/span><\/h3><\/blockquote>\n<p>&nbsp;<\/p>\n<blockquote class='blockquote_shortcode  without_quote_icon' style=''><h4 class='blockquote_text' ><span> Las matriculaciones de autocaravanas y camper, tanto nuevos como usados, repuntan con fuerza durante el mes de julio, a pesar de los m\u00faltiples y preocupantes rebrotes de la COVID-19, en l\u00ednea con la senda iniciada en el mes de junio y con el crecimiento del sector en Europa.<\/span><\/h4><\/blockquote>\n<p>As\u00ed, las matriculaciones de autocaravanas y campers nuevos en julio, seg\u00fan los datos de la Asociaci\u00f3n de la Industria y Comercio del Caravaning (ASEICAR) y la Asociaci\u00f3n Nacional de Vendedores de Veh\u00edculos a Motor, Reparaci\u00f3n y Recambios (GANVAM), alcanzan las 1.525 unidades (390 corresponden a campers), cifra nunca vista en la serie hist\u00f3rica de matriculaciones en nuestro sector. Hay que se\u00f1alar, sin embargo, que 358 de estos veh\u00edculos provienen de importaci\u00f3n de Europa, es decir, no son veh\u00edculos nuevos, pero computan como nueva matriculaci\u00f3n en Espa\u00f1a.<\/p>\n<p>Destaca tambi\u00e9n, el n\u00famero de autocaravanas destinadas a alquiler, 304, gracias a la evidente demanda en alza de este tipo de actividad de alquiler.<\/p>\n<p>En cuanto a matriculaciones de veh\u00edculos usados, apreciamos un incremento de 569 unidades con respecto al mismo mes del a\u00f1o 2019.<\/p>\n<p>De esta manera, el primer semestre de 2020 se cierra con 1.200 autocaravanas menos de nueva matriculaci\u00f3n en comparaci\u00f3n al 2019, pero hay que tener en cuenta el fuerte par\u00f3n de varios meses motivado por la pandemia.<\/p>\n<p>Para Jos\u00e9 Manuel Jurado, presidente de ASEICAR, \u201creconforta comprobar lo asentado que est\u00e1 el caravaning en nuestro pa\u00eds, turismo que se percibe como el m\u00e1s id\u00f3neo para disfrutar de un viaje seguro y en libertad. No sabemos cu\u00e1l ser\u00e1 el comportamiento en meses venideros, pero ante la situaci\u00f3n de incertidumbre en la que nos encontramos, lo m\u00e1s inteligente es vivir el d\u00eda a d\u00eda, tambi\u00e9n en nuestros negocios\u201d.<\/p>\n","protected":false},"excerpt":{"rendered":"<p>Las matriculaciones de autocaravanas y camper, tanto nuevos como usados, repuntan con fuerza durante el mes de julio, a pesar de los m\u00faltiples y preocupantes rebrotes de la COVID-19, en l\u00ednea con la senda iniciada en el mes de junio y con el crecimiento del sector en Europa.<\/p>\n","protected":false},"author":3,"featured_media":51250,"comment_status":"open","ping_status":"open","sticky":false,"template":"","format":"standard","meta":[],"categories":[108],"tags":[],"_links":{"self":[{"href":"https:\/\/www.anervi.com\/index.php\/wp-json\/wp\/v2\/posts\/51249"}],"collection":[{"href":"https:\/\/www.anervi.com\/index.php\/wp-json\/wp\/v2\/posts"}],"about":[{"href":"https:\/\/www.anervi.com\/index.php\/wp-json\/wp\/v2\/types\/post"}],"author":[{"embeddable":true,"href":"https:\/\/www.anervi.com\/index.php\/wp-json\/wp\/v2\/users\/3"}],"replies":[{"embeddable":true,"href":"https:\/\/www.anervi.com\/index.php\/wp-json\/wp\/v2\/comments?post=51249"}],"version-history":[{"count":1,"href":"https:\/\/www.anervi.com\/index.php\/wp-json\/wp\/v2\/posts\/51249\/revisions"}],"predecessor-version":[{"id":51251,"href":"https:\/\/www.anervi.com\/index.php\/wp-json\/wp\/v2\/posts\/51249\/revisions\/51251"}],"wp:featuredmedia":[{"embeddable":true,"href":"https:\/\/www.anervi.com\/index.php\/wp-json\/wp\/v2\/media\/51250"}],"wp:attachment":[{"href":"https:\/\/www.anervi.com\/index.php\/wp-json\/wp\/v2\/media?parent=51249"}],"wp:term":[{"taxonomy":"category","embeddable":true,"href":"https:\/\/www.anervi.com\/index.php\/wp-json\/wp\/v2\/categories?post=51249"},{"taxonomy":"post_tag","embeddable":true,"href":"https:\/\/www.anervi.com\/index.php\/wp-json\/wp\/v2\/tags?post=51249"}],"curies":[{"name":"wp","href":"https:\/\/api.w.org\/{rel}","templated":true}]}}